{"id":5376,"date":"2025-12-11T00:48:11","date_gmt":"2025-12-10T21:48:11","guid":{"rendered":"https:\/\/www.ikizler.org\/?p=5376"},"modified":"2025-12-25T00:50:28","modified_gmt":"2025-12-24T21:50:28","slug":"lambda-cephei","status":"publish","type":"post","link":"https:\/\/www.ikizler.org\/index.php\/2025\/12\/11\/lambda-cephei\/","title":{"rendered":"Lambda Cephei"},"content":{"rendered":"\n<figure class=\"wp-block-gallery has-nested-images columns-default is-cropped wp-block-gallery-1 is-layout-flex wp-block-gallery-is-layout-flex\">\n<figure class=\"wp-block-image size-large\"><img data-recalc-dims=\"1\" loading=\"lazy\" decoding=\"async\" width=\"1000\" height=\"670\" data-id=\"5377\" src=\"https:\/\/i0.wp.com\/www.ikizler.org\/wp-content\/uploads\/2025\/12\/Lambda_Cephei.jpg?resize=1000%2C670&#038;ssl=1\" alt=\"\" class=\"wp-image-5377\" srcset=\"https:\/\/i0.wp.com\/www.ikizler.org\/wp-content\/uploads\/2025\/12\/Lambda_Cephei.jpg?w=1000&amp;ssl=1 1000w, https:\/\/i0.wp.com\/www.ikizler.org\/wp-content\/uploads\/2025\/12\/Lambda_Cephei.jpg?resize=300%2C201&amp;ssl=1 300w, https:\/\/i0.wp.com\/www.ikizler.org\/wp-content\/uploads\/2025\/12\/Lambda_Cephei.jpg?resize=768%2C515&amp;ssl=1 768w, https:\/\/i0.wp.com\/www.ikizler.org\/wp-content\/uploads\/2025\/12\/Lambda_Cephei.jpg?resize=892%2C598&amp;ssl=1 892w, https:\/\/i0.wp.com\/www.ikizler.org\/wp-content\/uploads\/2025\/12\/Lambda_Cephei.jpg?resize=480%2C322&amp;ssl=1 480w\" sizes=\"auto, (max-width: 1000px) 100vw, 1000px\" \/><\/figure>\n<\/figure>\n\n\n\n<p>Lambda Cephei, Cepheus tak\u0131my\u0131ld\u0131z\u0131nda yer alan devasa ve s\u0131cak bir mavi s\u00fcperdev y\u0131ld\u0131zd\u0131r. Yakla\u015f\u0131k 950 parsek (yakla\u015f\u0131k 3100 \u0131\u015f\u0131k y\u0131l\u0131) uzakl\u0131kta bulunan bu y\u0131ld\u0131z, g\u00f6ky\u00fcz\u00fcnde \u00e7\u0131plak g\u00f6zle +5.05 kadir parlakl\u0131\u011f\u0131yla g\u00f6r\u00fclebilir.<\/p>\n\n\n\n<p>Lambda Cephei, Cep OB2 adl\u0131 gen\u00e7 ve s\u0131cak y\u0131ld\u0131zlardan olu\u015fan bir y\u0131ld\u0131z toplulu\u011funun (stellar association) \u00fcyesidir. Bu b\u00f6lge, Cepheus Bubble olarak bilinen geni\u015fleyen bir gaz ve toz bulutuyla \u00e7evrilidir. Bu t\u00fcr y\u0131ld\u0131zlar, galaksimizin kimyasal evriminde \u00f6nemli rol oynar \u00e7\u00fcnk\u00fc \u00f6m\u00fcrlerinin sonunda s\u00fcpernova patlamalar\u0131yla \u00e7evrelerine a\u011f\u0131r elementler sa\u00e7arlar.<\/p>\n\n\n\n<p>Karanl\u0131k bulutsular, \u0131\u015f\u0131\u011f\u0131 ge\u00e7irmeyen yo\u011fun gaz ve tozdan olu\u015fur. Lambda Cephei&#8217;nin \u00e7evresindeki bulutsu, optik dalga boylar\u0131nda y\u0131ld\u0131z \u0131\u015f\u0131\u011f\u0131n\u0131 so\u011furarak arka plandaki y\u0131ld\u0131zlar\u0131 gizler.<\/p>\n\n\n\n<p>Bu t\u00fcr bulutsular, genellikle Barnard katalo\u011fu veya Dutra &amp; Bica listesi gibi kataloglarda numaralarla tan\u0131mlan\u0131r, \u00f6zel isim ta\u015f\u0131mazlar.<\/p>\n\n\n\n<p>Foto\u011fraf: U\u011fur \u0130K\u0130ZLER<br>Tarih: 11.12.2025<br>Saat: 21:50 &#8211; 23:46<br>Yer: Mudanya &#8211; Bursa 40.36023 \u00b0 N &#8211; 28.90191 \u00b0 E<\/p>\n\n\n\n<p>Optik El yap\u0131m\u0131 Newton teleskop 150 mm f\/4.57<\/p>\n\n\n\n<p>TeleVue Paracorr Coma Corrector<\/p>\n\n\n\n<p>Kundak: El yap\u0131m\u0131 kundak<br>Kamera : Canon EOS 6D Full Spectrum Modified<\/p>\n\n\n\n<p>Otomatik takip: PHD, Bower mirror lens&nbsp; 500 mm f\/6.3- ZWO ASI 120 MC-S<\/p>\n\n\n\n<p>ISO: 1600<\/p>\n\n\n\n<p>Poz: Light&nbsp; 56 x 90 sn. \u2013 Dark 30 \u2013 Flat 20 \u2013 Bias 25<\/p>\n\n\n\n<p>Yaz\u0131l\u0131m: Pix\u0130nsight 1.8, Photoshop CC 2015<\/p>\n","protected":false},"excerpt":{"rendered":"<p>Lambda Cephei, Cepheus tak\u0131my\u0131ld\u0131z\u0131nda yer alan devasa ve s\u0131cak bir mavi s\u00fcperdev y\u0131ld\u0131zd\u0131r. Yakla\u015f\u0131k 950 parsek (yakla\u015f\u0131k 3100 \u0131\u015f\u0131k y\u0131l\u0131) uzakl\u0131kta bulunan bu y\u0131ld\u0131z, g\u00f6ky\u00fcz\u00fcnde \u00e7\u0131plak g\u00f6zle +5.05 kadir parlakl\u0131\u011f\u0131yla g\u00f6r\u00fclebilir. Lambda Cephei, Cep OB2 adl\u0131 gen\u00e7 ve s\u0131cak y\u0131ld\u0131zlardan olu\u015fan bir y\u0131ld\u0131z toplulu\u011funun (stellar association) \u00fcyesidir. Bu b\u00f6lge, Cepheus Bubble olarak bilinen geni\u015fleyen bir&#8230;<\/p>\n","protected":false},"author":1,"featured_media":5377,"comment_status":"open","ping_status":"open","sticky":false,"template":"","format":"standard","meta":{"_jetpack_memberships_contains_paid_content":false,"footnotes":""},"categories":[22,10,44],"tags":[],"class_list":["post-5376","post","type-post","status-publish","format-standard","has-post-thumbnail","hentry","category-bulutsular","category-derin-uzay","category-yildizlar","wpcat-22-id","wpcat-10-id","wpcat-44-id"],"jetpack_featured_media_url":"https:\/\/i0.wp.com\/www.ikizler.org\/wp-content\/uploads\/2025\/12\/Lambda_Cephei.jpg?fit=1000%2C670&ssl=1","jetpack_sharing_enabled":true,"_links":{"self":[{"href":"https:\/\/www.ikizler.org\/index.php\/wp-json\/wp\/v2\/posts\/5376","targetHints":{"allow":["GET"]}}],"collection":[{"href":"https:\/\/www.ikizler.org\/index.php\/wp-json\/wp\/v2\/posts"}],"about":[{"href":"https:\/\/www.ikizler.org\/index.php\/wp-json\/wp\/v2\/types\/post"}],"author":[{"embeddable":true,"href":"https:\/\/www.ikizler.org\/index.php\/wp-json\/wp\/v2\/users\/1"}],"replies":[{"embeddable":true,"href":"https:\/\/www.ikizler.org\/index.php\/wp-json\/wp\/v2\/comments?post=5376"}],"version-history":[{"count":1,"href":"https:\/\/www.ikizler.org\/index.php\/wp-json\/wp\/v2\/posts\/5376\/revisions"}],"predecessor-version":[{"id":5378,"href":"https:\/\/www.ikizler.org\/index.php\/wp-json\/wp\/v2\/posts\/5376\/revisions\/5378"}],"wp:featuredmedia":[{"embeddable":true,"href":"https:\/\/www.ikizler.org\/index.php\/wp-json\/wp\/v2\/media\/5377"}],"wp:attachment":[{"href":"https:\/\/www.ikizler.org\/index.php\/wp-json\/wp\/v2\/media?parent=5376"}],"wp:term":[{"taxonomy":"category","embeddable":true,"href":"https:\/\/www.ikizler.org\/index.php\/wp-json\/wp\/v2\/categories?post=5376"},{"taxonomy":"post_tag","embeddable":true,"href":"https:\/\/www.ikizler.org\/index.php\/wp-json\/wp\/v2\/tags?post=5376"}],"curies":[{"name":"wp","href":"https:\/\/api.w.org\/{rel}","templated":true}]}}