{"id":5241,"date":"2025-09-16T14:27:58","date_gmt":"2025-09-16T11:27:58","guid":{"rendered":"https:\/\/www.ikizler.org\/?p=5241"},"modified":"2025-12-25T00:26:26","modified_gmt":"2025-12-24T21:26:26","slug":"heart-nebula-kalp-bulutsusu-ngc-896","status":"publish","type":"post","link":"https:\/\/www.ikizler.org\/index.php\/2025\/09\/16\/heart-nebula-kalp-bulutsusu-ngc-896\/","title":{"rendered":"Heart Nebula ( Kalp Bulutsusu ) NGC 896"},"content":{"rendered":"\n<figure class=\"wp-block-gallery has-nested-images columns-default is-cropped wp-block-gallery-1 is-layout-flex wp-block-gallery-is-layout-flex\">\n<figure class=\"wp-block-image size-large\"><img data-recalc-dims=\"1\" loading=\"lazy\" decoding=\"async\" width=\"1000\" height=\"659\" data-id=\"5242\" src=\"https:\/\/i0.wp.com\/www.ikizler.org\/wp-content\/uploads\/2025\/09\/STAR-HEART.jpg?resize=1000%2C659&#038;ssl=1\" alt=\"\" class=\"wp-image-5242\" srcset=\"https:\/\/i0.wp.com\/www.ikizler.org\/wp-content\/uploads\/2025\/09\/STAR-HEART.jpg?w=1000&amp;ssl=1 1000w, https:\/\/i0.wp.com\/www.ikizler.org\/wp-content\/uploads\/2025\/09\/STAR-HEART.jpg?resize=300%2C198&amp;ssl=1 300w, https:\/\/i0.wp.com\/www.ikizler.org\/wp-content\/uploads\/2025\/09\/STAR-HEART.jpg?resize=768%2C506&amp;ssl=1 768w, https:\/\/i0.wp.com\/www.ikizler.org\/wp-content\/uploads\/2025\/09\/STAR-HEART.jpg?resize=892%2C588&amp;ssl=1 892w, https:\/\/i0.wp.com\/www.ikizler.org\/wp-content\/uploads\/2025\/09\/STAR-HEART.jpg?resize=480%2C316&amp;ssl=1 480w\" sizes=\"auto, (max-width: 1000px) 100vw, 1000px\" \/><\/figure>\n<\/figure>\n\n\n\n<p><strong>Kalp Bulutsusu<\/strong>&nbsp;(&nbsp;<strong>Ko\u015fan K\u00f6pek Bulutsusu<\/strong>&nbsp;,&nbsp;<strong>Sharpless 2-190<\/strong>&nbsp;olarak da bilinir&nbsp;) ,&nbsp;<a href=\"https:\/\/en.wikipedia.org\/wiki\/Earth\">D\u00fcnya&#8217;dan<\/a>&nbsp;7.500&nbsp;<a href=\"https:\/\/en.wikipedia.org\/wiki\/Light-year\">\u0131\u015f\u0131k y\u0131l\u0131<\/a>&nbsp; uzakl\u0131kta bulunan ve&nbsp;Galaksi&#8217;nin&nbsp;<a href=\"https:\/\/en.wikipedia.org\/wiki\/Perseus_Arm\">Kahraman Kolu&#8217;nda&nbsp;<\/a><a href=\"https:\/\/en.wikipedia.org\/wiki\/Milky_Way\">,&nbsp;<\/a><a href=\"https:\/\/en.wikipedia.org\/wiki\/Cassiopeia_(constellation)\">Cassiopeia<\/a>&nbsp;tak\u0131my\u0131ld\u0131z\u0131nda&nbsp;bulunan bir&nbsp;<a href=\"https:\/\/en.wikipedia.org\/wiki\/Emission_nebula\">emisyon bulutsusudur .&nbsp;<\/a><a href=\"https:\/\/en.wikipedia.org\/wiki\/William_Herschel\">William Herschel<\/a>&nbsp;taraf\u0131ndan 3 Kas\u0131m 1787&#8217;de&nbsp;ke\u015ffedilmi\u015ftir.&nbsp;<a href=\"https:\/\/en.wikipedia.org\/wiki\/Hydrogen\">&nbsp;Parlayan iyonize hidrojen<\/a>&nbsp;gaz\u0131 ve daha koyu&nbsp;<a href=\"https:\/\/en.wikipedia.org\/wiki\/Dust_lane\">toz \u015feritleri<\/a>&nbsp;g\u00f6sterir&nbsp;.&nbsp;<\/p>\n\n\n\n<p>Bulutsunun en parlak k\u0131sm\u0131 (bat\u0131 ucundaki bir d\u00fc\u011f\u00fcm), bulutsunun ke\u015ffedilen ilk k\u0131sm\u0131 oldu\u011fu i\u00e7in ayr\u0131 bir \u015fekilde NGC 896 olarak s\u0131n\u0131fland\u0131r\u0131l\u0131r. Bulutsunun yo\u011fun&nbsp;<a href=\"https:\/\/en.wikipedia.org\/wiki\/Red\">k\u0131rm\u0131z\u0131<\/a>&nbsp;\u0131\u015f\u0131\u011f\u0131 ve morfolojisi, bulutsunun merkezine yak\u0131n k\u00fc\u00e7\u00fck bir s\u0131cak y\u0131ld\u0131z grubundan yay\u0131lan radyasyonla y\u00f6nlendirilir.&nbsp;<a href=\"https:\/\/en.wikipedia.org\/wiki\/Collinder_catalogue\">Collinder<\/a>&nbsp;26,&nbsp;<a href=\"https:\/\/en.wikipedia.org\/wiki\/Melotte_catalogue\">Melotte<\/a>&nbsp;15 veya&nbsp;<strong>IC 1805<\/strong>&nbsp;olarak bilinen bu&nbsp;<a href=\"https:\/\/en.wikipedia.org\/wiki\/Open_cluster\">a\u00e7\u0131k y\u0131ld\u0131z k\u00fcmesi , G\u00fcne\u015f&#8217;in k\u00fctlesinin yakla\u015f\u0131k 50 kat\u0131 olan birka\u00e7 parlak y\u0131ld\u0131z ve&nbsp;<\/a><a href=\"https:\/\/en.wikipedia.org\/wiki\/Solar_mass\">G\u00fcne\u015f k\u00fctlesinin<\/a>&nbsp;yaln\u0131zca bir k\u0131sm\u0131 olan \u00e7ok daha s\u00f6n\u00fck y\u0131ld\u0131z i\u00e7erir&nbsp;.&nbsp;<\/p>\n\n\n\n<p>Kalp Bulutsusu , dar bantl\u0131 g\u00f6r\u00fcnt\u00fclerde g\u00f6r\u00fclen zengin mavi ve turuncu renklerden sorumlu olan iyonize&nbsp;<a href=\"https:\/\/en.wikipedia.org\/wiki\/Oxygen\">oksijen<\/a>&nbsp;ve&nbsp;<a href=\"https:\/\/en.wikipedia.org\/wiki\/Sulfur\">k\u00fck\u00fcrt<\/a>&nbsp;gazlar\u0131ndan olu\u015fur . Bulutsu ayr\u0131ca&nbsp;g\u00f6ky\u00fcz\u00fcnde yakla\u015f\u0131k 2&nbsp;<a href=\"https:\/\/en.wikipedia.org\/wiki\/Degree_(angle)\">derecelik<\/a>&nbsp;bir alan\u0131 kaplar ve dolunay\u0131n&nbsp;<a href=\"https:\/\/en.wikipedia.org\/wiki\/Angular_diameter\">\u00e7ap\u0131n\u0131n d\u00f6rt kat\u0131 b\u00fcy\u00fckl\u00fc\u011f\u00fcnde bir alan\u0131 kaplar.&nbsp;<\/a><\/p>\n\n\n\n<p>Kaynak: <a href=\"https:\/\/en.wikipedia.org\/\">https:\/\/en.wikipedia.org\/<\/a><\/p>\n\n\n\n<p>Foto\u011fraf: U\u011fur \u0130K\u0130ZLER<br>Tarih: 16.09.2025 \u2013 17.09.2025<br>Saat: 22:39 &#8211; 00:34<br>Yer: Mudanya &#8211; Bursa 40.36023 \u00b0 N &#8211; 28.90191 \u00b0 E<\/p>\n\n\n\n<p>Canon Extender EF 2x III<\/p>\n\n\n\n<p>Optik : Canon EF 70-200mm f\/2.8L IS II USM&nbsp; ( 400 mm-f\/5.6 )<\/p>\n\n\n\n<p>Kundak: El yap\u0131m\u0131 kundak<br>Kamera : Canon EOS 6D Full Spectrum Modified<\/p>\n\n\n\n<p>Otomatik takip: PHD, Bower mirror lens&nbsp; 500 mm f\/6.3- ZWO ASI 120 MC-S<\/p>\n\n\n\n<p>ISO: 2500<\/p>\n\n\n\n<p>Poz: Light&nbsp; 161 x 90 sn. \u2013 Dark 30 \u2013 Flat 20 \u2013 Bias 25<\/p>\n\n\n\n<p>Yaz\u0131l\u0131m: Pix\u0130nsight 1.8, Photoshop CC 2015<\/p>\n","protected":false},"excerpt":{"rendered":"<p>Kalp Bulutsusu&nbsp;(&nbsp;Ko\u015fan K\u00f6pek Bulutsusu&nbsp;,&nbsp;Sharpless 2-190&nbsp;olarak da bilinir&nbsp;) ,&nbsp;D\u00fcnya&#8217;dan&nbsp;7.500&nbsp;\u0131\u015f\u0131k y\u0131l\u0131&nbsp; uzakl\u0131kta bulunan ve&nbsp;Galaksi&#8217;nin&nbsp;Kahraman Kolu&#8217;nda&nbsp;,&nbsp;Cassiopeia&nbsp;tak\u0131my\u0131ld\u0131z\u0131nda&nbsp;bulunan bir&nbsp;emisyon bulutsusudur .&nbsp;William Herschel&nbsp;taraf\u0131ndan 3 Kas\u0131m 1787&#8217;de&nbsp;ke\u015ffedilmi\u015ftir.&nbsp;&nbsp;Parlayan iyonize hidrojen&nbsp;gaz\u0131 ve daha koyu&nbsp;toz \u015feritleri&nbsp;g\u00f6sterir&nbsp;.&nbsp; Bulutsunun en parlak k\u0131sm\u0131 (bat\u0131 ucundaki bir d\u00fc\u011f\u00fcm), bulutsunun ke\u015ffedilen ilk k\u0131sm\u0131 oldu\u011fu i\u00e7in ayr\u0131 bir \u015fekilde NGC 896 olarak s\u0131n\u0131fland\u0131r\u0131l\u0131r. Bulutsunun yo\u011fun&nbsp;k\u0131rm\u0131z\u0131&nbsp;\u0131\u015f\u0131\u011f\u0131 ve morfolojisi, bulutsunun merkezine yak\u0131n k\u00fc\u00e7\u00fck&#8230;<\/p>\n","protected":false},"author":1,"featured_media":5242,"comment_status":"open","ping_status":"open","sticky":false,"template":"","format":"standard","meta":{"_jetpack_memberships_contains_paid_content":false,"footnotes":""},"categories":[22,10],"tags":[],"class_list":["post-5241","post","type-post","status-publish","format-standard","has-post-thumbnail","hentry","category-bulutsular","category-derin-uzay","wpcat-22-id","wpcat-10-id"],"jetpack_featured_media_url":"https:\/\/i0.wp.com\/www.ikizler.org\/wp-content\/uploads\/2025\/09\/STAR-HEART.jpg?fit=1000%2C659&ssl=1","jetpack_sharing_enabled":true,"_links":{"self":[{"href":"https:\/\/www.ikizler.org\/index.php\/wp-json\/wp\/v2\/posts\/5241","targetHints":{"allow":["GET"]}}],"collection":[{"href":"https:\/\/www.ikizler.org\/index.php\/wp-json\/wp\/v2\/posts"}],"about":[{"href":"https:\/\/www.ikizler.org\/index.php\/wp-json\/wp\/v2\/types\/post"}],"author":[{"embeddable":true,"href":"https:\/\/www.ikizler.org\/index.php\/wp-json\/wp\/v2\/users\/1"}],"replies":[{"embeddable":true,"href":"https:\/\/www.ikizler.org\/index.php\/wp-json\/wp\/v2\/comments?post=5241"}],"version-history":[{"count":1,"href":"https:\/\/www.ikizler.org\/index.php\/wp-json\/wp\/v2\/posts\/5241\/revisions"}],"predecessor-version":[{"id":5243,"href":"https:\/\/www.ikizler.org\/index.php\/wp-json\/wp\/v2\/posts\/5241\/revisions\/5243"}],"wp:featuredmedia":[{"embeddable":true,"href":"https:\/\/www.ikizler.org\/index.php\/wp-json\/wp\/v2\/media\/5242"}],"wp:attachment":[{"href":"https:\/\/www.ikizler.org\/index.php\/wp-json\/wp\/v2\/media?parent=5241"}],"wp:term":[{"taxonomy":"category","embeddable":true,"href":"https:\/\/www.ikizler.org\/index.php\/wp-json\/wp\/v2\/categories?post=5241"},{"taxonomy":"post_tag","embeddable":true,"href":"https:\/\/www.ikizler.org\/index.php\/wp-json\/wp\/v2\/tags?post=5241"}],"curies":[{"name":"wp","href":"https:\/\/api.w.org\/{rel}","templated":true}]}}