{"id":4489,"date":"2024-11-20T12:31:06","date_gmt":"2024-11-20T09:31:06","guid":{"rendered":"http:\/\/www.ikizler.org\/?p=4489"},"modified":"2024-11-25T12:24:05","modified_gmt":"2024-11-25T09:24:05","slug":"c-2023-a3-tsuchishan-atlas-kuyrukluyildizi","status":"publish","type":"post","link":"https:\/\/www.ikizler.org\/index.php\/2024\/11\/20\/c-2023-a3-tsuchishan-atlas-kuyrukluyildizi\/","title":{"rendered":"C\/2023 A3 Tsuchinshan &#8211; ATLAS Kuyrukluy\u0131ld\u0131z\u0131"},"content":{"rendered":"\n<figure class=\"wp-block-gallery has-nested-images columns-default is-cropped wp-block-gallery-1 is-layout-flex wp-block-gallery-is-layout-flex\">\n<figure class=\"wp-block-image size-large\"><img data-recalc-dims=\"1\" loading=\"lazy\" decoding=\"async\" width=\"1000\" height=\"665\" data-id=\"4490\" src=\"https:\/\/i0.wp.com\/www.ikizler.org\/wp-content\/uploads\/2024\/04\/C2023_A3_TA.jpg?resize=1000%2C665&#038;ssl=1\" alt=\"\" class=\"wp-image-4490\" srcset=\"https:\/\/i0.wp.com\/www.ikizler.org\/wp-content\/uploads\/2024\/04\/C2023_A3_TA.jpg?w=1000&amp;ssl=1 1000w, https:\/\/i0.wp.com\/www.ikizler.org\/wp-content\/uploads\/2024\/04\/C2023_A3_TA.jpg?resize=300%2C200&amp;ssl=1 300w, https:\/\/i0.wp.com\/www.ikizler.org\/wp-content\/uploads\/2024\/04\/C2023_A3_TA.jpg?resize=768%2C511&amp;ssl=1 768w, https:\/\/i0.wp.com\/www.ikizler.org\/wp-content\/uploads\/2024\/04\/C2023_A3_TA.jpg?resize=892%2C593&amp;ssl=1 892w, https:\/\/i0.wp.com\/www.ikizler.org\/wp-content\/uploads\/2024\/04\/C2023_A3_TA.jpg?resize=480%2C319&amp;ssl=1 480w\" sizes=\"auto, (max-width: 1000px) 100vw, 1000px\" \/><\/figure>\n<\/figure>\n\n\n\n<p>Parlak Bir Kuyrukluy\u0131ld\u0131z Geliyor\u2026<\/p>\n\n\n\n<p>9 Ocak 2023&#8217;te&nbsp;<a href=\"https:\/\/en.wikipedia.org\/wiki\/Purple_Mountain_Observatory\">Purple Mountain G\u00f6zlemevi<\/a>&nbsp;taraf\u0131ndan ke\u015ffedilen ve 22 \u015eubat 2023&#8217;te G\u00fcney Afrika&nbsp;<a href=\"https:\/\/en.wikipedia.org\/wiki\/Asteroid_Terrestrial-impact_Last_Alert_System\">ATLAS taraf\u0131ndan ba\u011f\u0131ms\u0131z olarak bulunan&nbsp;<\/a><a href=\"https:\/\/en.wikipedia.org\/wiki\/Oort_cloud\">Oort bulutundan<\/a>&nbsp;bir&nbsp;kuyruklu&nbsp;<a href=\"https:\/\/en.wikipedia.org\/wiki\/Comet\">y\u0131ld\u0131zd\u0131r .<\/a><\/p>\n\n\n\n<p>Periyodu hen\u00fcz bilinmiyor.&nbsp; 27 Eyl\u00fcl 2024 tarihinde g\u00fcnberi den ( G\u00fcne\u015f\u2019 e en yak\u0131n konum ) ge\u00e7erken G\u00fcne\u015f\u2019 e 0,391 AB ( 58,6 milyon km. ) Merk\u00fcr y\u00f6r\u00fcngesi civar\u0131nda bir uzakl\u0131kta olacak. D\u00fcnya\u2019 ya en yak\u0131n oldu\u011fu zaman 12 Ekim 2024, bu s\u0131rada D\u00fcnya\u2019 ya olan uzakl\u0131\u011f\u0131 ise 0,47 AB ( 70,5 milyon km. )<\/p>\n\n\n\n<p>Tutulum d\u00fczlemine g\u00f6re kuyrukluy\u0131ld\u0131z\u0131n y\u00f6r\u00fcngesi 139 derecelik bir a\u00e7\u0131ya sahip oldu\u011fu i\u00e7in g\u00fcnberi ge\u00e7i\u015fine kadar, G\u00fcne\u015f\u2019 e \u00e7ok yak\u0131n oldu\u011fu g\u00fcnler haricinde Kuzey yar\u0131k\u00fcreden g\u00f6r\u00fclebilecek. 12 Ekim 2024 tarihinde 0,9 kadir parlakl\u0131\u011fa ula\u015fmas\u0131 bekleniyor. E\u011fer tahminler do\u011fru \u00e7\u0131kar ve kuyrukluy\u0131ld\u0131z g\u00fcnberi ge\u00e7i\u015fi s\u0131ras\u0131nda par\u00e7alanmazsa 12 Ekim 2024 tarihinden sonra yakla\u015f\u0131k 15 g\u00fcn boyunca \u00e7\u0131plak g\u00f6zle, bat\u0131 \u2013 g\u00fcneybat\u0131 ufku \u00fczerinde rahatl\u0131kla g\u00f6r\u00fclecek.<\/p>\n\n\n\n<p>Foto\u011frafta bir su damlas\u0131 gibi g\u00f6r\u00fclen kuyrukluy\u0131ld\u0131z \u015fu anda 10,9 kadir parlakl\u0131\u011f\u0131nda ve D\u00fcnya\u2019 ya 1,937 AB ( 290,5 milyon km. ) uzakl\u0131kta. Y\u00f6r\u00fcnge h\u0131z\u0131 ise 24,6 km\/saniye.<\/p>\n\n\n\n<p>Foto\u011fraf: U\u011fur \u0130K\u0130ZLER<br>Tarih: 16.04.2024<br>Saat: 02:00 &#8211; 05:00<br>Yer: Mudanya &#8211; Bursa 40.36023 \u00b0 N &#8211; 28.90191 \u00b0 E<\/p>\n\n\n\n<p>Optik (G\u00f6r\u00fcnt\u00fcleme): El yap\u0131m\u0131 Newton teleskop 150 mm f\/4.57<\/p>\n\n\n\n<p>TeleVue Paracorr Coma Corrector<br>Kundak: El yap\u0131m\u0131 kundak<br>Kamera (G\u00f6r\u00fcnt\u00fcleme): Canon EOS 6D Full Spectrum Modified<\/p>\n\n\n\n<p>Otomatik takip: PHD, Bower mirror lens&nbsp; 500 mm f\/6.3- ZWO ASI 120 MC-S<\/p>\n\n\n\n<p>ISO: 1600<\/p>\n\n\n\n<p>Poz: Light&nbsp; 107 x 60 sn. \u2013 Dark 30 \u2013 Flat 20 \u2013 Bias 25<\/p>\n\n\n\n<p>Yaz\u0131l\u0131m: Pix\u0130nsight 1.8, Photoshop CC 2015<\/p>\n\n\n\n<p><\/p>\n\n\n\n<figure class=\"wp-block-image size-full\"><img data-recalc-dims=\"1\" loading=\"lazy\" decoding=\"async\" width=\"1000\" height=\"667\" src=\"https:\/\/i0.wp.com\/www.ikizler.org\/wp-content\/uploads\/2024\/04\/IMG_1433_a.jpg?resize=1000%2C667&#038;ssl=1\" alt=\"\" class=\"wp-image-5040\" srcset=\"https:\/\/i0.wp.com\/www.ikizler.org\/wp-content\/uploads\/2024\/04\/IMG_1433_a.jpg?w=1000&amp;ssl=1 1000w, https:\/\/i0.wp.com\/www.ikizler.org\/wp-content\/uploads\/2024\/04\/IMG_1433_a.jpg?resize=300%2C200&amp;ssl=1 300w, https:\/\/i0.wp.com\/www.ikizler.org\/wp-content\/uploads\/2024\/04\/IMG_1433_a.jpg?resize=768%2C512&amp;ssl=1 768w, https:\/\/i0.wp.com\/www.ikizler.org\/wp-content\/uploads\/2024\/04\/IMG_1433_a.jpg?resize=892%2C595&amp;ssl=1 892w, https:\/\/i0.wp.com\/www.ikizler.org\/wp-content\/uploads\/2024\/04\/IMG_1433_a.jpg?resize=480%2C320&amp;ssl=1 480w\" sizes=\"auto, (max-width: 1000px) 100vw, 1000px\" \/><\/figure>\n\n\n\n<p>Foto\u011fraf: U\u011fur \u0130K\u0130ZLER<br>Tarih: 13.10.2024<br>Saat: 19:48<br>Yer: Orhaniye Tabyas\u0131 \u2013 Kumkale &#8211; \u00c7anakkale<\/p>\n\n\n\n<p>Optik (G\u00f6r\u00fcnt\u00fcleme): EF 70-200mm f\/2.8L IS II USM&nbsp; ( 70 mm-f\/4.0 )<\/p>\n\n\n\n<p>Kamera (G\u00f6r\u00fcnt\u00fcleme): Canon EOS 5D Mark IV<\/p>\n\n\n\n<p>ISO: 1250<\/p>\n\n\n\n<p>Poz: 5 sn.<\/p>\n\n\n\n<figure class=\"wp-block-image size-full\"><img data-recalc-dims=\"1\" loading=\"lazy\" decoding=\"async\" width=\"1000\" height=\"667\" src=\"https:\/\/i0.wp.com\/www.ikizler.org\/wp-content\/uploads\/2024\/10\/IMG_1476_imza.jpg?resize=1000%2C667&#038;ssl=1\" alt=\"\" class=\"wp-image-5043\" srcset=\"https:\/\/i0.wp.com\/www.ikizler.org\/wp-content\/uploads\/2024\/10\/IMG_1476_imza.jpg?w=1000&amp;ssl=1 1000w, https:\/\/i0.wp.com\/www.ikizler.org\/wp-content\/uploads\/2024\/10\/IMG_1476_imza.jpg?resize=300%2C200&amp;ssl=1 300w, https:\/\/i0.wp.com\/www.ikizler.org\/wp-content\/uploads\/2024\/10\/IMG_1476_imza.jpg?resize=768%2C512&amp;ssl=1 768w, https:\/\/i0.wp.com\/www.ikizler.org\/wp-content\/uploads\/2024\/10\/IMG_1476_imza.jpg?resize=892%2C595&amp;ssl=1 892w, https:\/\/i0.wp.com\/www.ikizler.org\/wp-content\/uploads\/2024\/10\/IMG_1476_imza.jpg?resize=480%2C320&amp;ssl=1 480w\" sizes=\"auto, (max-width: 1000px) 100vw, 1000px\" \/><\/figure>\n\n\n\n<p>Foto\u011fraf: U\u011fur \u0130K\u0130ZLER<br>Tarih: 14.10.2024<br>Saat: 19:46<br>Yer: Mudanya &#8211; Bursa 40.36023 \u00b0 N &#8211; 28.90191 \u00b0 E<\/p>\n\n\n\n<p>Optik (G\u00f6r\u00fcnt\u00fcleme): EF 70-200mm f\/2.8L IS II USM&nbsp; ( 70 mm-f\/4.5 )<br>Kundak: El yap\u0131m\u0131 kundak<br>Kamera (G\u00f6r\u00fcnt\u00fcleme): Canon EOS 5D Mark IV<\/p>\n\n\n\n<p>ISO: 800<\/p>\n\n\n\n<p>Poz: 10 sn.<\/p>\n\n\n\n<figure class=\"wp-block-embed is-type-video is-provider-youtube wp-block-embed-youtube wp-embed-aspect-4-3 wp-has-aspect-ratio\"><div class=\"wp-block-embed__wrapper\">\n<iframe loading=\"lazy\" title=\"Tsuchinshan ATLAS\" width=\"500\" height=\"375\" src=\"https:\/\/www.youtube.com\/embed\/gHO9t9bgbzU?feature=oembed\" frameborder=\"0\" allow=\"accelerometer; autoplay; clipboard-write; encrypted-media; gyroscope; picture-in-picture; web-share\" referrerpolicy=\"strict-origin-when-cross-origin\" allowfullscreen><\/iframe>\n<\/div><\/figure>\n\n\n\n<p>Mudanya \u2013 Bursa<\/p>\n\n\n\n<p>14.10.2024 tarihinde saat 19:49 \u2013 20:14 saatleri aras\u0131nda \u00e7ekilen 88 foto\u011fraftan olu\u015fan time lapse.<\/p>\n\n\n\n<p><\/p>\n\n\n\n<figure class=\"wp-block-image size-full\"><img data-recalc-dims=\"1\" loading=\"lazy\" decoding=\"async\" width=\"1000\" height=\"667\" src=\"https:\/\/i0.wp.com\/www.ikizler.org\/wp-content\/uploads\/2024\/10\/IMG_1687_imza.jpg?resize=1000%2C667&#038;ssl=1\" alt=\"\" class=\"wp-image-5046\" srcset=\"https:\/\/i0.wp.com\/www.ikizler.org\/wp-content\/uploads\/2024\/10\/IMG_1687_imza.jpg?w=1000&amp;ssl=1 1000w, https:\/\/i0.wp.com\/www.ikizler.org\/wp-content\/uploads\/2024\/10\/IMG_1687_imza.jpg?resize=300%2C200&amp;ssl=1 300w, https:\/\/i0.wp.com\/www.ikizler.org\/wp-content\/uploads\/2024\/10\/IMG_1687_imza.jpg?resize=768%2C512&amp;ssl=1 768w, https:\/\/i0.wp.com\/www.ikizler.org\/wp-content\/uploads\/2024\/10\/IMG_1687_imza.jpg?resize=892%2C595&amp;ssl=1 892w, https:\/\/i0.wp.com\/www.ikizler.org\/wp-content\/uploads\/2024\/10\/IMG_1687_imza.jpg?resize=480%2C320&amp;ssl=1 480w\" sizes=\"auto, (max-width: 1000px) 100vw, 1000px\" \/><\/figure>\n\n\n\n<p>Anti \u2013 Tail ( ters kuyruk ) de g\u00f6r\u00fcn\u00fcyor.<\/p>\n\n\n\n<p>Foto\u011fraf: U\u011fur \u0130K\u0130ZLER<br>Tarih: 15.10.2024<br>Saat: 19:57<br>Yer: Kapanca &#8211; Mudanya &#8211; Bursa<\/p>\n\n\n\n<p>Optik (G\u00f6r\u00fcnt\u00fcleme): EF24-105mm f\/4L IS II USM ( 43 mm f\/4.0 )<br>Kamera (G\u00f6r\u00fcnt\u00fcleme): Canon EOS 5D Mark IV<\/p>\n\n\n\n<p>ISO: 800<\/p>\n\n\n\n<p>Poz: 10 sn.<\/p>\n\n\n\n<p><\/p>\n\n\n\n<figure class=\"wp-block-embed is-type-video is-provider-youtube wp-block-embed-youtube wp-embed-aspect-4-3 wp-has-aspect-ratio\"><div class=\"wp-block-embed__wrapper\">\n<iframe loading=\"lazy\" title=\"C\/2023 A3 Tsuchinshan \u2013 ATLAS Kuyrukluy\u0131ld\u0131z\u0131\" width=\"500\" height=\"375\" src=\"https:\/\/www.youtube.com\/embed\/DLNHofbRXRs?feature=oembed\" frameborder=\"0\" allow=\"accelerometer; autoplay; clipboard-write; encrypted-media; gyroscope; picture-in-picture; web-share\" referrerpolicy=\"strict-origin-when-cross-origin\" allowfullscreen><\/iframe>\n<\/div><\/figure>\n\n\n\n<p>Kapanca &#8211; Mudanya \u2013 Bursa<\/p>\n\n\n\n<p>15.10.2024 tarihinde saat 19:25 \u2013 20:44 saatleri aras\u0131nda \u00e7ekilen 255 foto\u011fraftan olu\u015fan time lapse.<\/p>\n\n\n\n<p><\/p>\n\n\n\n<figure class=\"wp-block-image size-full\"><img data-recalc-dims=\"1\" loading=\"lazy\" decoding=\"async\" width=\"1000\" height=\"678\" src=\"https:\/\/i0.wp.com\/www.ikizler.org\/wp-content\/uploads\/2024\/10\/T-A_19.10.2024.jpg?resize=1000%2C678&#038;ssl=1\" alt=\"\" class=\"wp-image-5061\" srcset=\"https:\/\/i0.wp.com\/www.ikizler.org\/wp-content\/uploads\/2024\/10\/T-A_19.10.2024.jpg?w=1000&amp;ssl=1 1000w, https:\/\/i0.wp.com\/www.ikizler.org\/wp-content\/uploads\/2024\/10\/T-A_19.10.2024.jpg?resize=300%2C203&amp;ssl=1 300w, https:\/\/i0.wp.com\/www.ikizler.org\/wp-content\/uploads\/2024\/10\/T-A_19.10.2024.jpg?resize=768%2C521&amp;ssl=1 768w, https:\/\/i0.wp.com\/www.ikizler.org\/wp-content\/uploads\/2024\/10\/T-A_19.10.2024.jpg?resize=892%2C605&amp;ssl=1 892w, https:\/\/i0.wp.com\/www.ikizler.org\/wp-content\/uploads\/2024\/10\/T-A_19.10.2024.jpg?resize=480%2C325&amp;ssl=1 480w\" sizes=\"auto, (max-width: 1000px) 100vw, 1000px\" \/><\/figure>\n\n\n\n<figure class=\"wp-block-image size-full\"><img data-recalc-dims=\"1\" loading=\"lazy\" decoding=\"async\" width=\"1000\" height=\"649\" src=\"https:\/\/i0.wp.com\/www.ikizler.org\/wp-content\/uploads\/2024\/11\/T_A_19_10_2024_v2.jpg?resize=1000%2C649\" alt=\"\" class=\"wp-image-5084\" srcset=\"https:\/\/i0.wp.com\/www.ikizler.org\/wp-content\/uploads\/2024\/11\/T_A_19_10_2024_v2.jpg?w=1000&amp;ssl=1 1000w, https:\/\/i0.wp.com\/www.ikizler.org\/wp-content\/uploads\/2024\/11\/T_A_19_10_2024_v2.jpg?resize=300%2C195&amp;ssl=1 300w, https:\/\/i0.wp.com\/www.ikizler.org\/wp-content\/uploads\/2024\/11\/T_A_19_10_2024_v2.jpg?resize=768%2C498&amp;ssl=1 768w, https:\/\/i0.wp.com\/www.ikizler.org\/wp-content\/uploads\/2024\/11\/T_A_19_10_2024_v2.jpg?resize=892%2C579&amp;ssl=1 892w, https:\/\/i0.wp.com\/www.ikizler.org\/wp-content\/uploads\/2024\/11\/T_A_19_10_2024_v2.jpg?resize=480%2C312&amp;ssl=1 480w\" sizes=\"auto, (max-width: 1000px) 100vw, 1000px\" \/><\/figure>\n\n\n\n<p><\/p>\n\n\n\n<p>Foto\u011fraf: U\u011fur \u0130K\u0130ZLER<br>Tarih: 19.10.2023<br>Saat: 19:28 &#8211; 19:57<br>Yer: Mudanya &#8211; Bursa 40.36023 \u00b0 N &#8211; 28.90191 \u00b0 E<\/p>\n\n\n\n<p>Optik (G\u00f6r\u00fcnt\u00fcleme): EF 70-200mm f\/2.8L IS II USM&nbsp; ( 200 mm-f\/3.5 )<\/p>\n\n\n\n<p>Kundak: El yap\u0131m\u0131 kundak<br>Kamera (G\u00f6r\u00fcnt\u00fcleme): Canon EOS 6D Full Spectrum Modified<\/p>\n\n\n\n<p>ISO: 1600<\/p>\n\n\n\n<p>Poz: Light&nbsp; 90 x 15 sn. \u2013 Dark 30 \u2013 Flat 30 \u2013 Bias 30<\/p>\n\n\n\n<p>Yaz\u0131l\u0131m: Pix\u0130nsight 1.8, Photoshop CC 2015<\/p>\n\n\n\n<p><\/p>\n\n\n\n<figure class=\"wp-block-image size-full\"><img data-recalc-dims=\"1\" loading=\"lazy\" decoding=\"async\" width=\"1000\" height=\"673\" src=\"https:\/\/i0.wp.com\/www.ikizler.org\/wp-content\/uploads\/2024\/10\/C2023-A3-Tsuchinshan-ATLAS_400mm.jpg?resize=1000%2C673&#038;ssl=1\" alt=\"\" class=\"wp-image-5065\" srcset=\"https:\/\/i0.wp.com\/www.ikizler.org\/wp-content\/uploads\/2024\/10\/C2023-A3-Tsuchinshan-ATLAS_400mm.jpg?w=1000&amp;ssl=1 1000w, https:\/\/i0.wp.com\/www.ikizler.org\/wp-content\/uploads\/2024\/10\/C2023-A3-Tsuchinshan-ATLAS_400mm.jpg?resize=300%2C202&amp;ssl=1 300w, https:\/\/i0.wp.com\/www.ikizler.org\/wp-content\/uploads\/2024\/10\/C2023-A3-Tsuchinshan-ATLAS_400mm.jpg?resize=768%2C517&amp;ssl=1 768w, https:\/\/i0.wp.com\/www.ikizler.org\/wp-content\/uploads\/2024\/10\/C2023-A3-Tsuchinshan-ATLAS_400mm.jpg?resize=892%2C600&amp;ssl=1 892w, https:\/\/i0.wp.com\/www.ikizler.org\/wp-content\/uploads\/2024\/10\/C2023-A3-Tsuchinshan-ATLAS_400mm.jpg?resize=480%2C323&amp;ssl=1 480w\" sizes=\"auto, (max-width: 1000px) 100vw, 1000px\" \/><\/figure>\n\n\n\n<p>Foto\u011fraf: U\u011fur \u0130K\u0130ZLER<br>Tarih: 21.10.2024<br>Saat: 19:52 &#8211; 20:52<br>Yer: Mudanya &#8211; Bursa 40.36023 \u00b0 N &#8211; 28.90191 \u00b0 E<\/p>\n\n\n\n<p>Canon Extender EF 2x III<\/p>\n\n\n\n<p>Optik (G\u00f6r\u00fcnt\u00fcleme): EF 70-200mm f\/2.8L IS II USM&nbsp; ( 400 mm-f\/5.6 )<\/p>\n\n\n\n<p>Kundak: El yap\u0131m\u0131 kundak<br>Kamera (G\u00f6r\u00fcnt\u00fcleme): Canon EOS 6D Full Spectrum Modified<\/p>\n\n\n\n<p>Otomatik takip: PHD, Bower mirror lens&nbsp; 500 mm f\/6.3- ZWO ASI 120 MC<\/p>\n\n\n\n<p>ISO: 1600<\/p>\n\n\n\n<p>Poz: Light&nbsp; 90 x 30 sn. \u2013 Dark 30 \u2013 Flat 20 \u2013 Bias 25<\/p>\n\n\n\n<p>Yaz\u0131l\u0131m: Pix\u0130nsight 1.8, Photoshop CC 2015<\/p>\n\n\n\n<p><\/p>\n\n\n\n<figure class=\"wp-block-image size-full\"><img data-recalc-dims=\"1\" loading=\"lazy\" decoding=\"async\" width=\"888\" height=\"1000\" src=\"https:\/\/i0.wp.com\/www.ikizler.org\/wp-content\/uploads\/2024\/10\/2024_10_23_C2023-A3-Tsuchinshan-ATLAS.jpg?resize=888%2C1000&#038;ssl=1\" alt=\"\" class=\"wp-image-5067\" srcset=\"https:\/\/i0.wp.com\/www.ikizler.org\/wp-content\/uploads\/2024\/10\/2024_10_23_C2023-A3-Tsuchinshan-ATLAS.jpg?w=888&amp;ssl=1 888w, https:\/\/i0.wp.com\/www.ikizler.org\/wp-content\/uploads\/2024\/10\/2024_10_23_C2023-A3-Tsuchinshan-ATLAS.jpg?resize=266%2C300&amp;ssl=1 266w, https:\/\/i0.wp.com\/www.ikizler.org\/wp-content\/uploads\/2024\/10\/2024_10_23_C2023-A3-Tsuchinshan-ATLAS.jpg?resize=768%2C865&amp;ssl=1 768w, https:\/\/i0.wp.com\/www.ikizler.org\/wp-content\/uploads\/2024\/10\/2024_10_23_C2023-A3-Tsuchinshan-ATLAS.jpg?resize=480%2C541&amp;ssl=1 480w\" sizes=\"auto, (max-width: 888px) 100vw, 888px\" \/><\/figure>\n\n\n\n<p>Tsuchinshan \u2013 ATLAS art\u0131k karanl\u0131k yerlerde bile \u00e7\u0131plak g\u00f6zle g\u00f6r\u00fclemeyecek kadar s\u00f6n\u00fckle\u015fti. Ancak hala d\u00fcrb\u00fcn ve teleskoplar ile g\u00f6r\u00fclebilir. 2025 Ocak ay\u0131 ortalar\u0131na kadar bat\u0131 g\u00f6ky\u00fcz\u00fcnde g\u00fcne\u015f batt\u0131ktan 45 \u2013 50 dakika sonras\u0131nda foto\u011fraflar\u0131 \u00e7ekilebilir.&nbsp; 2025 Ocak sonunda sabah g\u00f6ky\u00fcz\u00fcne ge\u00e7iyor. Birka\u00e7 ay daha foto\u011fraflar\u0131 \u00e7ekilebilir. Giderek daha da s\u00f6n\u00fckle\u015fece\u011fi i\u00e7in bir s\u00fcre sonra art\u0131k foto\u011fraflarda bile g\u00f6r\u00fcnmez hale gelecek.<\/p>\n\n\n\n<p>Hava izin verdi\u011fi s\u00fcrece foto\u011fraflar\u0131n\u0131 \u00e7ekmeye devam edece\u011fim.<\/p>\n\n\n\n<p>Foto\u011fraf: U\u011fur \u0130K\u0130ZLER<br>Tarih: 23.10.2024<br>Saat: 19:53 &#8211; 21:07<br>Yer: Mudanya &#8211; Bursa 40.36023 \u00b0 N &#8211; 28.90191 \u00b0 E<\/p>\n\n\n\n<p>Optik (G\u00f6r\u00fcnt\u00fcleme): El yap\u0131m\u0131 Newton teleskop 150 mm f\/4.57<\/p>\n\n\n\n<p>TeleVue Paracorr Coma Corrector<br>Kundak: El yap\u0131m\u0131 kundak<br>Kamera (G\u00f6r\u00fcnt\u00fcleme): Canon EOS 6D Full Spectrum Modified<\/p>\n\n\n\n<p>Otomatik takip: PHD, Bower mirror lens&nbsp; 500 mm f\/6.3- ZWO ASI 120 MC-S<\/p>\n\n\n\n<p>ISO: 1600<\/p>\n\n\n\n<p>Poz: Light&nbsp; 95 x 30 sn. \u2013 Dark 30 \u2013 Flat 20 \u2013 Bias 25<\/p>\n\n\n\n<p>Yaz\u0131l\u0131m: Pix\u0130nsight 1.8, Photoshop CC 2015<\/p>\n\n\n\n<figure class=\"wp-block-image size-full\"><img data-recalc-dims=\"1\" loading=\"lazy\" decoding=\"async\" width=\"888\" height=\"1000\" src=\"https:\/\/i0.wp.com\/www.ikizler.org\/wp-content\/uploads\/2024\/10\/2024_10_23_C2023-A3-Tsuchinshan-ATLAS_invert.jpg?resize=888%2C1000&#038;ssl=1\" alt=\"\" class=\"wp-image-5069\" srcset=\"https:\/\/i0.wp.com\/www.ikizler.org\/wp-content\/uploads\/2024\/10\/2024_10_23_C2023-A3-Tsuchinshan-ATLAS_invert.jpg?w=888&amp;ssl=1 888w, https:\/\/i0.wp.com\/www.ikizler.org\/wp-content\/uploads\/2024\/10\/2024_10_23_C2023-A3-Tsuchinshan-ATLAS_invert.jpg?resize=266%2C300&amp;ssl=1 266w, https:\/\/i0.wp.com\/www.ikizler.org\/wp-content\/uploads\/2024\/10\/2024_10_23_C2023-A3-Tsuchinshan-ATLAS_invert.jpg?resize=768%2C865&amp;ssl=1 768w, https:\/\/i0.wp.com\/www.ikizler.org\/wp-content\/uploads\/2024\/10\/2024_10_23_C2023-A3-Tsuchinshan-ATLAS_invert.jpg?resize=480%2C541&amp;ssl=1 480w\" sizes=\"auto, (max-width: 888px) 100vw, 888px\" \/><\/figure>\n\n\n\n<p>Tsuchinshan-ATLAS kuyrukluy\u0131ld\u0131z\u0131n\u0131n \u0130nvert g\u00f6r\u00fcnt\u00fcs\u00fc.<\/p>\n\n\n\n<figure class=\"wp-block-image size-full\"><img data-recalc-dims=\"1\" loading=\"lazy\" decoding=\"async\" width=\"869\" height=\"1000\" src=\"https:\/\/i0.wp.com\/www.ikizler.org\/wp-content\/uploads\/2024\/10\/2024_10_26_C2023-A3-Tsuchinshan-ATLAS.jpg?resize=869%2C1000&#038;ssl=1\" alt=\"\" class=\"wp-image-5071\" srcset=\"https:\/\/i0.wp.com\/www.ikizler.org\/wp-content\/uploads\/2024\/10\/2024_10_26_C2023-A3-Tsuchinshan-ATLAS.jpg?w=869&amp;ssl=1 869w, https:\/\/i0.wp.com\/www.ikizler.org\/wp-content\/uploads\/2024\/10\/2024_10_26_C2023-A3-Tsuchinshan-ATLAS.jpg?resize=261%2C300&amp;ssl=1 261w, https:\/\/i0.wp.com\/www.ikizler.org\/wp-content\/uploads\/2024\/10\/2024_10_26_C2023-A3-Tsuchinshan-ATLAS.jpg?resize=768%2C884&amp;ssl=1 768w, https:\/\/i0.wp.com\/www.ikizler.org\/wp-content\/uploads\/2024\/10\/2024_10_26_C2023-A3-Tsuchinshan-ATLAS.jpg?resize=480%2C552&amp;ssl=1 480w\" sizes=\"auto, (max-width: 869px) 100vw, 869px\" \/><\/figure>\n\n\n\n<p>Foto\u011fraf: U\u011fur \u0130K\u0130ZLER<br>Tarih: 26.10.2024<br>Saat: 19:49 &#8211; 20:37<br>Yer: Mudanya &#8211; Bursa 40.36023 \u00b0 N &#8211; 28.90191 \u00b0 E<\/p>\n\n\n\n<p>Optik (G\u00f6r\u00fcnt\u00fcleme): El yap\u0131m\u0131 Newton teleskop 150 mm f\/4.57<\/p>\n\n\n\n<p>TeleVue Paracorr Coma Corrector<br>Kundak: El yap\u0131m\u0131 kundak<br>Kamera (G\u00f6r\u00fcnt\u00fcleme): Canon EOS 6D Full Spectrum Modified<\/p>\n\n\n\n<p>Otomatik takip: PHD, Bower mirror lens&nbsp; 500 mm f\/6.3- ZWO ASI 120 MC-S<\/p>\n\n\n\n<p>ISO: 1600<\/p>\n\n\n\n<p>Poz: Light&nbsp; 50 x 45 sn. \u2013 Dark 30 \u2013 Flat 20 \u2013 Bias 25<\/p>\n\n\n\n<p>Yaz\u0131l\u0131m: Pix\u0130nsight 1.8, Photoshop CC 2015<\/p>\n\n\n\n<p><\/p>\n\n\n\n<figure class=\"wp-block-image size-full\"><img data-recalc-dims=\"1\" loading=\"lazy\" decoding=\"async\" width=\"1000\" height=\"663\" src=\"https:\/\/i0.wp.com\/www.ikizler.org\/wp-content\/uploads\/2024\/10\/2024_10_27_C2023-A3-Tsuchinshan-ATLAS_200mm.jpg?resize=1000%2C663&#038;ssl=1\" alt=\"\" class=\"wp-image-5073\" srcset=\"https:\/\/i0.wp.com\/www.ikizler.org\/wp-content\/uploads\/2024\/10\/2024_10_27_C2023-A3-Tsuchinshan-ATLAS_200mm.jpg?w=1000&amp;ssl=1 1000w, https:\/\/i0.wp.com\/www.ikizler.org\/wp-content\/uploads\/2024\/10\/2024_10_27_C2023-A3-Tsuchinshan-ATLAS_200mm.jpg?resize=300%2C199&amp;ssl=1 300w, https:\/\/i0.wp.com\/www.ikizler.org\/wp-content\/uploads\/2024\/10\/2024_10_27_C2023-A3-Tsuchinshan-ATLAS_200mm.jpg?resize=768%2C509&amp;ssl=1 768w, https:\/\/i0.wp.com\/www.ikizler.org\/wp-content\/uploads\/2024\/10\/2024_10_27_C2023-A3-Tsuchinshan-ATLAS_200mm.jpg?resize=892%2C591&amp;ssl=1 892w, https:\/\/i0.wp.com\/www.ikizler.org\/wp-content\/uploads\/2024\/10\/2024_10_27_C2023-A3-Tsuchinshan-ATLAS_200mm.jpg?resize=480%2C318&amp;ssl=1 480w\" sizes=\"auto, (max-width: 1000px) 100vw, 1000px\" \/><\/figure>\n\n\n\n<p>Foto\u011fraf: U\u011fur \u0130K\u0130ZLER<br>Tarih: 27.10.2024<br>Saat: 19:19 &#8211; 20:48<br>Yer: Mudanya &#8211; Bursa 40.36023 \u00b0 N &#8211; 28.90191 \u00b0 E<\/p>\n\n\n\n<p>Optik (G\u00f6r\u00fcnt\u00fcleme): EF 70-200mm f\/2.8L IS II USM&nbsp; ( 200 mm-f\/5.6 )<\/p>\n\n\n\n<p>Kundak: El yap\u0131m\u0131 kundak<br>Kamera (G\u00f6r\u00fcnt\u00fcleme): Canon EOS 6D Full Spectrum Modified<\/p>\n\n\n\n<p>Otomatik takip: PHD, Bower mirror lens&nbsp; 500 mm f\/6.3- ZWO ASI 120 MC-S<\/p>\n\n\n\n<p>ISO: 1600<\/p>\n\n\n\n<p>Poz: Light&nbsp; 90 x 45 sn. \u2013 Dark 30 \u2013 Flat 20 \u2013 Bias 25<\/p>\n\n\n\n<p>Yaz\u0131l\u0131m: Pix\u0130nsight 1.8, Photoshop CC 2015<\/p>\n\n\n\n<figure class=\"wp-block-image size-full\"><img data-recalc-dims=\"1\" loading=\"lazy\" decoding=\"async\" width=\"1000\" height=\"667\" src=\"https:\/\/i0.wp.com\/www.ikizler.org\/wp-content\/uploads\/2024\/10\/C2023A3_Tsuchinshan-ATLAS_29.10.2024.jpg?resize=1000%2C667&#038;ssl=1\" alt=\"\" class=\"wp-image-5076\" srcset=\"https:\/\/i0.wp.com\/www.ikizler.org\/wp-content\/uploads\/2024\/10\/C2023A3_Tsuchinshan-ATLAS_29.10.2024.jpg?w=1000&amp;ssl=1 1000w, https:\/\/i0.wp.com\/www.ikizler.org\/wp-content\/uploads\/2024\/10\/C2023A3_Tsuchinshan-ATLAS_29.10.2024.jpg?resize=300%2C200&amp;ssl=1 300w, https:\/\/i0.wp.com\/www.ikizler.org\/wp-content\/uploads\/2024\/10\/C2023A3_Tsuchinshan-ATLAS_29.10.2024.jpg?resize=768%2C512&amp;ssl=1 768w, https:\/\/i0.wp.com\/www.ikizler.org\/wp-content\/uploads\/2024\/10\/C2023A3_Tsuchinshan-ATLAS_29.10.2024.jpg?resize=892%2C595&amp;ssl=1 892w, https:\/\/i0.wp.com\/www.ikizler.org\/wp-content\/uploads\/2024\/10\/C2023A3_Tsuchinshan-ATLAS_29.10.2024.jpg?resize=480%2C320&amp;ssl=1 480w\" sizes=\"auto, (max-width: 1000px) 100vw, 1000px\" \/><\/figure>\n\n\n\n<p>Foto\u011fraf: U\u011fur \u0130K\u0130ZLER<br>Tarih: 29.10.2024<br>Saat: 19:46 &#8211; 20:48<br>Yer: Mudanya &#8211; Bursa 40.36023 \u00b0 N &#8211; 28.90191 \u00b0 E<\/p>\n\n\n\n<p>Canon Extender EF 2x III<\/p>\n\n\n\n<p>Optik (G\u00f6r\u00fcnt\u00fcleme): EF 70-200mm f\/2.8L IS II USM&nbsp; ( 400 mm-f\/5.6 )<\/p>\n\n\n\n<p>Kundak: El yap\u0131m\u0131 kundak<br>Kamera (G\u00f6r\u00fcnt\u00fcleme): Canon EOS 6D Full Spectrum Modified<\/p>\n\n\n\n<p>Otomatik takip: PHD, Bower mirror lens&nbsp; 500 mm f\/6.3- ZWO ASI 120 MC-S<\/p>\n\n\n\n<p>ISO: 1600<\/p>\n\n\n\n<p>Poz: Light&nbsp; 54 x 60 sn. \u2013 Dark 30 \u2013 Flat 20 \u2013 Bias 25<\/p>\n\n\n\n<p>Yaz\u0131l\u0131m: Pix\u0130nsight 1.8, Photoshop CC 2015<\/p>\n\n\n\n<figure class=\"wp-block-image size-full\"><img data-recalc-dims=\"1\" loading=\"lazy\" decoding=\"async\" width=\"1000\" height=\"631\" src=\"https:\/\/i0.wp.com\/www.ikizler.org\/wp-content\/uploads\/2024\/10\/C2023A3_Tsuchinshan-ATLAS_31.10.2024.jpg?resize=1000%2C631&#038;ssl=1\" alt=\"\" class=\"wp-image-5078\" srcset=\"https:\/\/i0.wp.com\/www.ikizler.org\/wp-content\/uploads\/2024\/10\/C2023A3_Tsuchinshan-ATLAS_31.10.2024.jpg?w=1000&amp;ssl=1 1000w, https:\/\/i0.wp.com\/www.ikizler.org\/wp-content\/uploads\/2024\/10\/C2023A3_Tsuchinshan-ATLAS_31.10.2024.jpg?resize=300%2C189&amp;ssl=1 300w, https:\/\/i0.wp.com\/www.ikizler.org\/wp-content\/uploads\/2024\/10\/C2023A3_Tsuchinshan-ATLAS_31.10.2024.jpg?resize=768%2C485&amp;ssl=1 768w, https:\/\/i0.wp.com\/www.ikizler.org\/wp-content\/uploads\/2024\/10\/C2023A3_Tsuchinshan-ATLAS_31.10.2024.jpg?resize=892%2C563&amp;ssl=1 892w, https:\/\/i0.wp.com\/www.ikizler.org\/wp-content\/uploads\/2024\/10\/C2023A3_Tsuchinshan-ATLAS_31.10.2024.jpg?resize=480%2C303&amp;ssl=1 480w\" sizes=\"auto, (max-width: 1000px) 100vw, 1000px\" \/><\/figure>\n\n\n\n<p>Foto\u011fraf: U\u011fur \u0130K\u0130ZLER<br>Tarih: 31.10.2024<br>Saat: 19:25 &#8211; 19:31<br>Yer: Mudanya &#8211; Bursa 40.36023 \u00b0 N &#8211; 28.90191 \u00b0 E<\/p>\n\n\n\n<p>Canon Extender EF 2x III<\/p>\n\n\n\n<p>Optik (G\u00f6r\u00fcnt\u00fcleme): EF 70-200mm f\/2.8L IS II USM&nbsp; ( 400 mm-f\/5.6 )<\/p>\n\n\n\n<p>Kundak: El yap\u0131m\u0131 kundak<br>Kamera (G\u00f6r\u00fcnt\u00fcleme): Canon EOS 6D Full Spectrum Modified<\/p>\n\n\n\n<p>Otomatik takip: PHD, Bower mirror lens&nbsp; 500 mm f\/6.3- ZWO ASI 120 MC-S<\/p>\n\n\n\n<p>ISO: 1600<\/p>\n\n\n\n<p>Poz: Light&nbsp; 6 x 60 sn. \u2013 Dark 30 \u2013 Flat 20 \u2013 Bias 25 Yaz\u0131l\u0131m: Pix\u0130nsight 1.8, Photoshop CC 2015<\/p>\n\n\n\n<p><\/p>\n\n\n\n<figure class=\"wp-block-image size-full\"><img data-recalc-dims=\"1\" loading=\"lazy\" decoding=\"async\" width=\"1000\" height=\"648\" src=\"https:\/\/i0.wp.com\/www.ikizler.org\/wp-content\/uploads\/2024\/11\/Tsuchinshan-ATLAS_03.11.2024.jpg?resize=1000%2C648&#038;ssl=1\" alt=\"\" class=\"wp-image-5081\" srcset=\"https:\/\/i0.wp.com\/www.ikizler.org\/wp-content\/uploads\/2024\/11\/Tsuchinshan-ATLAS_03.11.2024.jpg?w=1000&amp;ssl=1 1000w, https:\/\/i0.wp.com\/www.ikizler.org\/wp-content\/uploads\/2024\/11\/Tsuchinshan-ATLAS_03.11.2024.jpg?resize=300%2C194&amp;ssl=1 300w, https:\/\/i0.wp.com\/www.ikizler.org\/wp-content\/uploads\/2024\/11\/Tsuchinshan-ATLAS_03.11.2024.jpg?resize=768%2C498&amp;ssl=1 768w, https:\/\/i0.wp.com\/www.ikizler.org\/wp-content\/uploads\/2024\/11\/Tsuchinshan-ATLAS_03.11.2024.jpg?resize=892%2C578&amp;ssl=1 892w, https:\/\/i0.wp.com\/www.ikizler.org\/wp-content\/uploads\/2024\/11\/Tsuchinshan-ATLAS_03.11.2024.jpg?resize=480%2C311&amp;ssl=1 480w\" sizes=\"auto, (max-width: 1000px) 100vw, 1000px\" \/><\/figure>\n\n\n\n<p>Foto\u011fraf: U\u011fur \u0130K\u0130ZLER<br>Tarih: 03.11.2024<br>Saat: 19:21 &#8211; 19:40<br>Yer: Eskisar\u0131bey \u2013 Karacabey &#8211; Bursa<\/p>\n\n\n\n<p>Optik (G\u00f6r\u00fcnt\u00fcleme): Canon EF 50 mm f\/1.8 ( 50 mm f\/4.0 )<br>Kundak: El yap\u0131m\u0131 kundak<br>Kamera (G\u00f6r\u00fcnt\u00fcleme): Canon EOS 6D Full Spectrum Modified<\/p>\n\n\n\n<p>ISO: 1600<\/p>\n\n\n\n<p>Poz: Light&nbsp; 22 x 45 sn. \u2013 Dark 30 \u2013 Flat 20 \u2013 Bias 25<\/p>\n\n\n\n<p>Yaz\u0131l\u0131m: Pix\u0130nsight 1.8, Photoshop CC 2015<\/p>\n\n\n\n<figure class=\"wp-block-image size-full\"><img data-recalc-dims=\"1\" loading=\"lazy\" decoding=\"async\" width=\"1000\" height=\"671\" src=\"https:\/\/i0.wp.com\/www.ikizler.org\/wp-content\/uploads\/2024\/11\/C2023A3_Tsuchinshan_ATLAS_06.11.2024.jpg?resize=1000%2C671&#038;ssl=1\" alt=\"\" class=\"wp-image-5091\" srcset=\"https:\/\/i0.wp.com\/www.ikizler.org\/wp-content\/uploads\/2024\/11\/C2023A3_Tsuchinshan_ATLAS_06.11.2024.jpg?w=1000&amp;ssl=1 1000w, https:\/\/i0.wp.com\/www.ikizler.org\/wp-content\/uploads\/2024\/11\/C2023A3_Tsuchinshan_ATLAS_06.11.2024.jpg?resize=300%2C201&amp;ssl=1 300w, https:\/\/i0.wp.com\/www.ikizler.org\/wp-content\/uploads\/2024\/11\/C2023A3_Tsuchinshan_ATLAS_06.11.2024.jpg?resize=768%2C515&amp;ssl=1 768w, https:\/\/i0.wp.com\/www.ikizler.org\/wp-content\/uploads\/2024\/11\/C2023A3_Tsuchinshan_ATLAS_06.11.2024.jpg?resize=892%2C599&amp;ssl=1 892w, https:\/\/i0.wp.com\/www.ikizler.org\/wp-content\/uploads\/2024\/11\/C2023A3_Tsuchinshan_ATLAS_06.11.2024.jpg?resize=480%2C322&amp;ssl=1 480w\" sizes=\"auto, (max-width: 1000px) 100vw, 1000px\" \/><\/figure>\n\n\n\n<p>C\/2023 A3 Tsuchinshan &#8211; ATLAS Kuyrukluy\u0131ld\u0131z\u0131 Tweedledum Cluster ve Graf\u2019s Cluster yak\u0131n g\u00f6r\u00fcn\u00fcmde.<\/p>\n\n\n\n<p>Ge\u00e7ti\u011fimiz iki ay i\u00e7inde, hem g\u00fcney yar\u0131k\u00fcre de hem de kuzey yar\u0131k\u00fcre de nefis g\u00f6r\u00fcnt\u00fcler veren Tsuchinshan \u2013 ATLAS, \u00f6nce y\u0131ld\u0131z\u0131m\u0131z G\u00fcne\u015f\u2019 den sonra da D\u00fcnyam\u0131zdan uzakla\u015fmaya, g\u00fcne\u015f sisteminin derinliklerine do\u011fru yol almaya ba\u015flad\u0131. Bizden uzakla\u015ft\u0131k\u00e7a do\u011fal olarak parlakl\u0131\u011f\u0131 da azalmaya ba\u015flad\u0131.&nbsp; Onu art\u0131k \u00e7\u0131plak g\u00f6zle g\u00f6rmek, \u00e7ok karanl\u0131k bir yerden bak\u0131yor olsak bile neredeyse imkans\u0131z hale geldi. Ancak, foto\u011fraflar\u0131n\u0131 \u00e7ekerek daha uzunca bir s\u00fcre g\u00f6rebilece\u011fiz. 2025 Ocak ay\u0131n\u0131n ortalar\u0131na do\u011fru ak\u015fam bat\u0131 ufkunda, ocak sonunda ise sabahlar\u0131 do\u011fu ufkunda olacak. B\u00fcy\u00fck ihtimalle 2025 Nisan ve May\u0131s aylar\u0131na kadar foto\u011fraflar\u0131 \u00e7ekilebilir.<\/p>\n\n\n\n<p>Bu g\u00fcnlerde bizim bak\u0131\u015f a\u00e7\u0131m\u0131za g\u00f6re, g\u00f6rsel olarak NGC 6633 Tweedledum Cluster ve IC 4756 Graf\u2019s Cluster ile yak\u0131n g\u00f6r\u00fcn\u00fcmdeler. \u00d6n\u00fcm\u00fczdeki bir hafta i\u00e7inde daha da yak\u0131n g\u00f6r\u00fcn\u00fcmde olacaklar. Yakla\u015f\u0131k iki \u2013 \u00fc\u00e7 hafta sonra Tsuchinshan &#8211; ATLAS bu iki a\u00e7\u0131k y\u0131ld\u0131z k\u00fcmesinden uzakla\u015facak.<\/p>\n\n\n\n<p>Foto\u011fraf: U\u011fur \u0130K\u0130ZLER<br>Tarih: 06.11.2024<br>Saat: 19:24 &#8211; 21:22<br>Yer: Mudanya &#8211; Bursa 40.36023 \u00b0 N &#8211; 28.90191 \u00b0 E<\/p>\n\n\n\n<p>Optik (G\u00f6r\u00fcnt\u00fcleme): Canon EF 70-200mm f\/2.8L IS II USM&nbsp; ( 135 mm-f\/5.6 )<br>Kundak: El yap\u0131m\u0131 kundak<br>Kamera (G\u00f6r\u00fcnt\u00fcleme): Canon EOS 6D Full Spectrum Modified<\/p>\n\n\n\n<p>Otomatik takip: PHD, Bower mirror lens&nbsp; 500 mm f\/6.3- ZWO ASI 120 MC-S<\/p>\n\n\n\n<p>ISO: 1600<\/p>\n\n\n\n<p>Poz: Light 102 x 60 sn. \u2013 Dark 30 \u2013 Flat 20 \u2013 Bias 25<\/p>\n\n\n\n<p>Yaz\u0131l\u0131m: Pix\u0130nsight 1.8, Photoshop CC 2015<\/p>\n\n\n\n<figure class=\"wp-block-image size-full\"><img data-recalc-dims=\"1\" loading=\"lazy\" decoding=\"async\" width=\"1000\" height=\"659\" src=\"https:\/\/i0.wp.com\/www.ikizler.org\/wp-content\/uploads\/2024\/11\/T_A_19_11_2024.jpg?resize=1000%2C659&#038;ssl=1\" alt=\"\" class=\"wp-image-5093\" srcset=\"https:\/\/i0.wp.com\/www.ikizler.org\/wp-content\/uploads\/2024\/11\/T_A_19_11_2024.jpg?w=1000&amp;ssl=1 1000w, https:\/\/i0.wp.com\/www.ikizler.org\/wp-content\/uploads\/2024\/11\/T_A_19_11_2024.jpg?resize=300%2C198&amp;ssl=1 300w, https:\/\/i0.wp.com\/www.ikizler.org\/wp-content\/uploads\/2024\/11\/T_A_19_11_2024.jpg?resize=768%2C506&amp;ssl=1 768w, https:\/\/i0.wp.com\/www.ikizler.org\/wp-content\/uploads\/2024\/11\/T_A_19_11_2024.jpg?resize=892%2C588&amp;ssl=1 892w, https:\/\/i0.wp.com\/www.ikizler.org\/wp-content\/uploads\/2024\/11\/T_A_19_11_2024.jpg?resize=480%2C316&amp;ssl=1 480w\" sizes=\"auto, (max-width: 1000px) 100vw, 1000px\" \/><\/figure>\n\n\n\n<p>Tsuchinshan \u2013 Atlas kuyrukluy\u0131ld\u0131z\u0131n\u0131n D\u00fcnya\u2019 ya en yak\u0131n oldu\u011fu 12 Ekim 2024 tarihinde uzakl\u0131\u011f\u0131 0,473 AB ( 70,9 milyon km. ) iken foto\u011fraf\u0131n \u00e7ekildi\u011fi tarihte uzakl\u0131\u011f\u0131 1,610 AB ( 241,5 milyon km. ), parlakl\u0131\u011f\u0131 ise 8,1 kadir idi. Her ge\u00e7en g\u00fcn bizden uzakla\u015ft\u0131k\u00e7a parlakl\u0131\u011f\u0131 da normal olarak azal\u0131yor. Yine de foto\u011fraf\u0131 birka\u00e7 ay daha \u00e7ekilebilir.<\/p>\n\n\n\n<p>Foto\u011fraf: U\u011fur \u0130K\u0130ZLER<br>Tarih: 19.11.2024<br>Saat: 18:48 &#8211; 21:01<br>Yer: Mudanya &#8211; Bursa 40.36023 \u00b0 N &#8211; 28.90191 \u00b0 E<\/p>\n\n\n\n<p>Canon Extender EF 2x III<\/p>\n\n\n\n<p>Optik (G\u00f6r\u00fcnt\u00fcleme): EF 70-200mm f\/2.8L IS II USM&nbsp; ( 400 mm-f\/5.6 )<\/p>\n\n\n\n<p>Kundak: El yap\u0131m\u0131 kundak<br>Kamera (G\u00f6r\u00fcnt\u00fcleme): Canon EOS 6D Full Spectrum Modified<\/p>\n\n\n\n<p>Otomatik takip: PHD, Bower mirror lens&nbsp; 500 mm f\/6.3- ZWO ASI 120 MC-S<\/p>\n\n\n\n<p>ISO: 400<\/p>\n\n\n\n<p>Poz: Light&nbsp; 62 x 120 sn. \u2013 Dark 30 \u2013 Flat 20 \u2013 Bias 25<\/p>\n\n\n\n<p>Yaz\u0131l\u0131m: Pix\u0130nsight 1.8, Photoshop CC 2015<\/p>\n","protected":false},"excerpt":{"rendered":"<p>Parlak Bir Kuyrukluy\u0131ld\u0131z Geliyor\u2026 9 Ocak 2023&#8217;te&nbsp;Purple Mountain G\u00f6zlemevi&nbsp;taraf\u0131ndan ke\u015ffedilen ve 22 \u015eubat 2023&#8217;te G\u00fcney Afrika&nbsp;ATLAS taraf\u0131ndan ba\u011f\u0131ms\u0131z olarak bulunan&nbsp;Oort bulutundan&nbsp;bir&nbsp;kuyruklu&nbsp;y\u0131ld\u0131zd\u0131r . Periyodu hen\u00fcz bilinmiyor.&nbsp; 27 Eyl\u00fcl 2024 tarihinde g\u00fcnberi den ( G\u00fcne\u015f\u2019 e en yak\u0131n konum ) ge\u00e7erken G\u00fcne\u015f\u2019 e 0,391 AB ( 58,6 milyon km. ) Merk\u00fcr y\u00f6r\u00fcngesi civar\u0131nda bir uzakl\u0131kta olacak. D\u00fcnya\u2019&#8230;<\/p>\n","protected":false},"author":1,"featured_media":5084,"comment_status":"open","ping_status":"open","sticky":false,"template":"","format":"standard","meta":{"_jetpack_memberships_contains_paid_content":false,"footnotes":""},"categories":[14],"tags":[],"class_list":["post-4489","post","type-post","status-publish","format-standard","has-post-thumbnail","hentry","category-kuyrukluyildizlar","wpcat-14-id"],"jetpack_featured_media_url":"https:\/\/i0.wp.com\/www.ikizler.org\/wp-content\/uploads\/2024\/11\/T_A_19_10_2024_v2.jpg?fit=1000%2C649&ssl=1","jetpack_sharing_enabled":true,"_links":{"self":[{"href":"https:\/\/www.ikizler.org\/index.php\/wp-json\/wp\/v2\/posts\/4489","targetHints":{"allow":["GET"]}}],"collection":[{"href":"https:\/\/www.ikizler.org\/index.php\/wp-json\/wp\/v2\/posts"}],"about":[{"href":"https:\/\/www.ikizler.org\/index.php\/wp-json\/wp\/v2\/types\/post"}],"author":[{"embeddable":true,"href":"https:\/\/www.ikizler.org\/index.php\/wp-json\/wp\/v2\/users\/1"}],"replies":[{"embeddable":true,"href":"https:\/\/www.ikizler.org\/index.php\/wp-json\/wp\/v2\/comments?post=4489"}],"version-history":[{"count":15,"href":"https:\/\/www.ikizler.org\/index.php\/wp-json\/wp\/v2\/posts\/4489\/revisions"}],"predecessor-version":[{"id":5094,"href":"https:\/\/www.ikizler.org\/index.php\/wp-json\/wp\/v2\/posts\/4489\/revisions\/5094"}],"wp:featuredmedia":[{"embeddable":true,"href":"https:\/\/www.ikizler.org\/index.php\/wp-json\/wp\/v2\/media\/5084"}],"wp:attachment":[{"href":"https:\/\/www.ikizler.org\/index.php\/wp-json\/wp\/v2\/media?parent=4489"}],"wp:term":[{"taxonomy":"category","embeddable":true,"href":"https:\/\/www.ikizler.org\/index.php\/wp-json\/wp\/v2\/categories?post=4489"},{"taxonomy":"post_tag","embeddable":true,"href":"https:\/\/www.ikizler.org\/index.php\/wp-json\/wp\/v2\/tags?post=4489"}],"curies":[{"name":"wp","href":"https:\/\/api.w.org\/{rel}","templated":true}]}}