{"id":3685,"date":"2022-04-04T10:19:00","date_gmt":"2022-04-04T07:19:00","guid":{"rendered":"http:\/\/www.ikizler.org\/?p=3685"},"modified":"2022-05-04T10:24:23","modified_gmt":"2022-05-04T07:24:23","slug":"merkur-ulker-yakin-gorunumde","status":"publish","type":"post","link":"https:\/\/www.ikizler.org\/index.php\/2022\/04\/04\/merkur-ulker-yakin-gorunumde\/","title":{"rendered":"Merk\u00fcr &#8211; \u00dclker Yak\u0131n G\u00f6r\u00fcn\u00fcmde"},"content":{"rendered":"\n<figure class=\"wp-block-gallery columns-1 is-cropped wp-block-gallery-1 is-layout-flex wp-block-gallery-is-layout-flex\"><ul class=\"blocks-gallery-grid\"><li class=\"blocks-gallery-item\"><figure><img data-recalc-dims=\"1\" loading=\"lazy\" decoding=\"async\" width=\"1024\" height=\"669\" src=\"https:\/\/i0.wp.com\/www.ikizler.org\/wp-content\/uploads\/2022\/05\/Merkur_Ulker.png?resize=1024%2C669\" alt=\"\" data-id=\"3686\" data-full-url=\"http:\/\/www.ikizler.org\/wp-content\/uploads\/2022\/05\/Merkur_Ulker.png\" data-link=\"http:\/\/www.ikizler.org\/?attachment_id=3686\" class=\"wp-image-3686\"\/><\/figure><\/li><\/ul><\/figure>\n\n\n\n<p>Obje Ad\u0131: Merk\u00fcr \u00dclker Yak\u0131n G\u00f6r\u00fcn\u00fcmde<\/p>\n\n\n\n<p>Foto\u011fraf: U\u011fur \u0130K\u0130ZLER<br>Tarih: 28.04.2022<br>Saat: 21:04 &#8211; 21:21<br>Yer: Mudanya &#8211; Bursa 40.36023 \u00b0 N &#8211; 28.90191 \u00b0 E<\/p>\n\n\n\n<p>Optik (G\u00f6r\u00fcnt\u00fcleme): EF 70-200mm f\/2.8L IS II USM ( 200 mm f\/5.6 )<\/p>\n\n\n\n<p>Canon Extender EF 2x III<\/p>\n\n\n\n<p>Kundak: El yap\u0131m\u0131 kundak<br>Kamera (G\u00f6r\u00fcnt\u00fcleme): Canon EOS 5D Mark IV<\/p>\n\n\n\n<p>ISO: 400<\/p>\n\n\n\n<p>Poz: Light&nbsp; 36 x 15 sn. \u2013 Dark 20 \u2013 Flat 20 \u2013 Bias 20<\/p>\n\n\n\n<p>Yaz\u0131l\u0131m: Pix\u0130nsight 1.8, Photoshop CC 2015<\/p>\n\n\n\n<p><\/p>\n\n\n\n<figure class=\"wp-block-gallery columns-1 is-cropped wp-block-gallery-2 is-layout-flex wp-block-gallery-is-layout-flex\"><ul class=\"blocks-gallery-grid\"><li class=\"blocks-gallery-item\"><figure><img data-recalc-dims=\"1\" loading=\"lazy\" decoding=\"async\" width=\"683\" height=\"1024\" src=\"https:\/\/i0.wp.com\/www.ikizler.org\/wp-content\/uploads\/2022\/05\/IMG_9800.png?resize=683%2C1024\" alt=\"\" data-id=\"3687\" data-full-url=\"http:\/\/www.ikizler.org\/wp-content\/uploads\/2022\/05\/IMG_9800.png\" data-link=\"http:\/\/www.ikizler.org\/?attachment_id=3687\" class=\"wp-image-3687\"\/><\/figure><\/li><\/ul><\/figure>\n\n\n\n<p>27.04.2022<\/p>\n\n\n\n<figure class=\"wp-block-gallery columns-1 is-cropped wp-block-gallery-3 is-layout-flex wp-block-gallery-is-layout-flex\"><ul class=\"blocks-gallery-grid\"><li class=\"blocks-gallery-item\"><figure><img data-recalc-dims=\"1\" loading=\"lazy\" decoding=\"async\" width=\"683\" height=\"1024\" src=\"https:\/\/i0.wp.com\/www.ikizler.org\/wp-content\/uploads\/2022\/05\/IMG_9803.png?resize=683%2C1024\" alt=\"\" data-id=\"3688\" data-full-url=\"http:\/\/www.ikizler.org\/wp-content\/uploads\/2022\/05\/IMG_9803.png\" data-link=\"http:\/\/www.ikizler.org\/?attachment_id=3688\" class=\"wp-image-3688\"\/><\/figure><\/li><\/ul><\/figure>\n\n\n\n<p>27.04.2022<\/p>\n\n\n\n<p><\/p>\n\n\n\n<figure class=\"wp-block-gallery columns-1 is-cropped wp-block-gallery-4 is-layout-flex wp-block-gallery-is-layout-flex\"><ul class=\"blocks-gallery-grid\"><li class=\"blocks-gallery-item\"><figure><img data-recalc-dims=\"1\" loading=\"lazy\" decoding=\"async\" width=\"676\" height=\"1024\" src=\"https:\/\/i0.wp.com\/www.ikizler.org\/wp-content\/uploads\/2022\/05\/IMG_9812.png?resize=676%2C1024\" alt=\"\" data-id=\"3689\" data-full-url=\"http:\/\/www.ikizler.org\/wp-content\/uploads\/2022\/05\/IMG_9812.png\" data-link=\"http:\/\/www.ikizler.org\/?attachment_id=3689\" class=\"wp-image-3689\"\/><\/figure><\/li><\/ul><\/figure>\n\n\n\n<p>27.04.2022<\/p>\n","protected":false},"excerpt":{"rendered":"<p>Obje Ad\u0131: Merk\u00fcr \u00dclker Yak\u0131n G\u00f6r\u00fcn\u00fcmde Foto\u011fraf: U\u011fur \u0130K\u0130ZLERTarih: 28.04.2022Saat: 21:04 &#8211; 21:21Yer: Mudanya &#8211; Bursa 40.36023 \u00b0 N &#8211; 28.90191 \u00b0 E Optik (G\u00f6r\u00fcnt\u00fcleme): EF 70-200mm f\/2.8L IS II USM ( 200 mm f\/5.6 ) Canon Extender EF 2x III Kundak: El yap\u0131m\u0131 kundakKamera (G\u00f6r\u00fcnt\u00fcleme): Canon EOS 5D Mark IV ISO: 400 Poz: Light&nbsp;&#8230;<\/p>\n","protected":false},"author":1,"featured_media":3686,"comment_status":"open","ping_status":"open","sticky":false,"template":"","format":"standard","meta":{"_jetpack_memberships_contains_paid_content":false,"footnotes":""},"categories":[30],"tags":[],"class_list":["post-3685","post","type-post","status-publish","format-standard","has-post-thumbnail","hentry","category-yakinlasmalar","wpcat-30-id"],"jetpack_featured_media_url":"https:\/\/i0.wp.com\/www.ikizler.org\/wp-content\/uploads\/2022\/05\/Merkur_Ulker-e1653697052323.png?fit=1000%2C653&ssl=1","jetpack_sharing_enabled":true,"_links":{"self":[{"href":"https:\/\/www.ikizler.org\/index.php\/wp-json\/wp\/v2\/posts\/3685","targetHints":{"allow":["GET"]}}],"collection":[{"href":"https:\/\/www.ikizler.org\/index.php\/wp-json\/wp\/v2\/posts"}],"about":[{"href":"https:\/\/www.ikizler.org\/index.php\/wp-json\/wp\/v2\/types\/post"}],"author":[{"embeddable":true,"href":"https:\/\/www.ikizler.org\/index.php\/wp-json\/wp\/v2\/users\/1"}],"replies":[{"embeddable":true,"href":"https:\/\/www.ikizler.org\/index.php\/wp-json\/wp\/v2\/comments?post=3685"}],"version-history":[{"count":1,"href":"https:\/\/www.ikizler.org\/index.php\/wp-json\/wp\/v2\/posts\/3685\/revisions"}],"predecessor-version":[{"id":3690,"href":"https:\/\/www.ikizler.org\/index.php\/wp-json\/wp\/v2\/posts\/3685\/revisions\/3690"}],"wp:featuredmedia":[{"embeddable":true,"href":"https:\/\/www.ikizler.org\/index.php\/wp-json\/wp\/v2\/media\/3686"}],"wp:attachment":[{"href":"https:\/\/www.ikizler.org\/index.php\/wp-json\/wp\/v2\/media?parent=3685"}],"wp:term":[{"taxonomy":"category","embeddable":true,"href":"https:\/\/www.ikizler.org\/index.php\/wp-json\/wp\/v2\/categories?post=3685"},{"taxonomy":"post_tag","embeddable":true,"href":"https:\/\/www.ikizler.org\/index.php\/wp-json\/wp\/v2\/tags?post=3685"}],"curies":[{"name":"wp","href":"https:\/\/api.w.org\/{rel}","templated":true}]}}