{"id":3296,"date":"2017-04-28T11:17:00","date_gmt":"2017-04-28T08:17:00","guid":{"rendered":"http:\/\/www.ikizler.org\/?p=3296"},"modified":"2022-01-27T11:31:31","modified_gmt":"2022-01-27T08:31:31","slug":"ay-aldebaran-ortmesi-2","status":"publish","type":"post","link":"https:\/\/www.ikizler.org\/index.php\/2017\/04\/28\/ay-aldebaran-ortmesi-2\/","title":{"rendered":"Ay &#8211; Aldebaran \u00d6rtmesi"},"content":{"rendered":"\n<figure class=\"wp-block-embed is-type-video is-provider-youtube wp-block-embed-youtube wp-embed-aspect-4-3 wp-has-aspect-ratio\"><div class=\"wp-block-embed__wrapper\">\n<iframe loading=\"lazy\" title=\"Ay - Aldebaran  \u00d6rtmesi\" width=\"500\" height=\"375\" src=\"https:\/\/www.youtube.com\/embed\/_P1X560rQ7A?feature=oembed\" frameborder=\"0\" allow=\"accelerometer; autoplay; clipboard-write; encrypted-media; gyroscope; picture-in-picture; web-share\" referrerpolicy=\"strict-origin-when-cross-origin\" allowfullscreen><\/iframe>\n<\/div><\/figure>\n\n\n\n<p>28.04.2017<\/p>\n\n\n\n<p>Ay g\u00f6rsel a\u00e7\u0131sal \u00e7ap\u0131ndan dolay\u0131 s\u00fcrekli y\u0131ld\u0131zlar\u0131n \u00f6n\u00fcnden ge\u00e7er ve pek \u00e7ok y\u0131ld\u0131z\u0131 \u00f6rter.  Bunlar\u0131 bir teleskop ile s\u00fcrekli g\u00f6zleyebiliriz. Ancak parlakl\u0131k farklar\u0131ndan dolay\u0131 foto\u011fraf \u00e7ekmek olduk\u00e7a zordur. <\/p>\n\n\n\n<p>Bo\u011fa tak\u0131my\u0131ld\u0131z\u0131n\u0131n en parlak \u00fcyesi olan Aldebaran, ekliptik ( G\u00fcne\u015fin ve gezegenlerin g\u00f6ky\u00fcz\u00fcnde izledi\u011fi yol ) \u00fczerinde yer al\u0131r ve zaman zaman Ay bu y\u0131ld\u0131z\u0131 \u00f6rter.  Aldebaran epeyce parlak oldu\u011fu i\u00e7in Ay ile beraber foto\u011fraf\u0131 \u00e7ekilebilir.  28 Nisan 2017 tarihinde, hilal evresindeki Ay dolunay evresine g\u00f6re epeyce s\u00f6n\u00fck oldu\u011fu i\u00e7in \u00e7ok kolay foto\u011frafland\u0131.  <\/p>\n","protected":false},"excerpt":{"rendered":"<p>28.04.2017 Ay g\u00f6rsel a\u00e7\u0131sal \u00e7ap\u0131ndan dolay\u0131 s\u00fcrekli y\u0131ld\u0131zlar\u0131n \u00f6n\u00fcnden ge\u00e7er ve pek \u00e7ok y\u0131ld\u0131z\u0131 \u00f6rter. Bunlar\u0131 bir teleskop ile s\u00fcrekli g\u00f6zleyebiliriz. Ancak parlakl\u0131k farklar\u0131ndan dolay\u0131 foto\u011fraf \u00e7ekmek olduk\u00e7a zordur. Bo\u011fa tak\u0131my\u0131ld\u0131z\u0131n\u0131n en parlak \u00fcyesi olan Aldebaran, ekliptik ( G\u00fcne\u015fin ve gezegenlerin g\u00f6ky\u00fcz\u00fcnde izledi\u011fi yol ) \u00fczerinde yer al\u0131r ve zaman zaman Ay bu y\u0131ld\u0131z\u0131 \u00f6rter&#8230;.<\/p>\n","protected":false},"author":1,"featured_media":0,"comment_status":"open","ping_status":"open","sticky":false,"template":"","format":"standard","meta":{"_jetpack_memberships_contains_paid_content":false,"footnotes":""},"categories":[31],"tags":[],"class_list":["post-3296","post","type-post","status-publish","format-standard","hentry","category-ortmeler","wpcat-31-id"],"jetpack_featured_media_url":"","jetpack_sharing_enabled":true,"_links":{"self":[{"href":"https:\/\/www.ikizler.org\/index.php\/wp-json\/wp\/v2\/posts\/3296","targetHints":{"allow":["GET"]}}],"collection":[{"href":"https:\/\/www.ikizler.org\/index.php\/wp-json\/wp\/v2\/posts"}],"about":[{"href":"https:\/\/www.ikizler.org\/index.php\/wp-json\/wp\/v2\/types\/post"}],"author":[{"embeddable":true,"href":"https:\/\/www.ikizler.org\/index.php\/wp-json\/wp\/v2\/users\/1"}],"replies":[{"embeddable":true,"href":"https:\/\/www.ikizler.org\/index.php\/wp-json\/wp\/v2\/comments?post=3296"}],"version-history":[{"count":2,"href":"https:\/\/www.ikizler.org\/index.php\/wp-json\/wp\/v2\/posts\/3296\/revisions"}],"predecessor-version":[{"id":3298,"href":"https:\/\/www.ikizler.org\/index.php\/wp-json\/wp\/v2\/posts\/3296\/revisions\/3298"}],"wp:attachment":[{"href":"https:\/\/www.ikizler.org\/index.php\/wp-json\/wp\/v2\/media?parent=3296"}],"wp:term":[{"taxonomy":"category","embeddable":true,"href":"https:\/\/www.ikizler.org\/index.php\/wp-json\/wp\/v2\/categories?post=3296"},{"taxonomy":"post_tag","embeddable":true,"href":"https:\/\/www.ikizler.org\/index.php\/wp-json\/wp\/v2\/tags?post=3296"}],"curies":[{"name":"wp","href":"https:\/\/api.w.org\/{rel}","templated":true}]}}