{"id":5286,"date":"2025-12-19T13:28:32","date_gmt":"2025-12-19T10:28:32","guid":{"rendered":"https:\/\/www.ikizler.org\/?p=5286"},"modified":"2025-12-20T13:31:05","modified_gmt":"2025-12-20T10:31:05","slug":"c-2025-t1-atlas-kuyrukluyildizi","status":"publish","type":"post","link":"http:\/\/www.ikizler.org\/index.php\/2025\/12\/19\/c-2025-t1-atlas-kuyrukluyildizi\/","title":{"rendered":"C\/2025 T1 ATLAS Kuyrukluy\u0131ld\u0131z\u0131"},"content":{"rendered":"\n<figure class=\"wp-block-gallery has-nested-images columns-default is-cropped wp-block-gallery-1 is-layout-flex wp-block-gallery-is-layout-flex\">\n<figure class=\"wp-block-image size-large\"><img data-recalc-dims=\"1\" loading=\"lazy\" decoding=\"async\" width=\"1000\" height=\"665\" data-id=\"5287\" src=\"https:\/\/i0.wp.com\/www.ikizler.org\/wp-content\/uploads\/2025\/12\/2025_T1_Atlas.jpg?resize=1000%2C665&#038;ssl=1\" alt=\"\" class=\"wp-image-5287\" srcset=\"https:\/\/i0.wp.com\/www.ikizler.org\/wp-content\/uploads\/2025\/12\/2025_T1_Atlas.jpg?w=1000 1000w, https:\/\/i0.wp.com\/www.ikizler.org\/wp-content\/uploads\/2025\/12\/2025_T1_Atlas.jpg?resize=300%2C200 300w, https:\/\/i0.wp.com\/www.ikizler.org\/wp-content\/uploads\/2025\/12\/2025_T1_Atlas.jpg?resize=768%2C511 768w, https:\/\/i0.wp.com\/www.ikizler.org\/wp-content\/uploads\/2025\/12\/2025_T1_Atlas.jpg?resize=892%2C593 892w, https:\/\/i0.wp.com\/www.ikizler.org\/wp-content\/uploads\/2025\/12\/2025_T1_Atlas.jpg?resize=480%2C319 480w\" sizes=\"auto, (max-width: 1000px) 100vw, 1000px\" \/><\/figure>\n<\/figure>\n\n\n\n<p>Bug\u00fcnler de Kartal tak\u0131my\u0131ld\u0131z\u0131 i\u00e7inde g\u00f6r\u00fclen kuyrukluy\u0131ld\u0131z &nbsp;2 Aral\u0131k 2025 tarihinde g\u00fcnberiden ( G\u00fcne\u015f\u2019 e en yak\u0131n konum ) ge\u00e7ti. O s\u0131rada G\u00fcne\u015f\u2019 e olan uzakl\u0131\u011f\u0131 1.109 AB ( 166,3 milyon km. ) idi. \u015eu anda D\u00fcnya\u2019 ya olan uzakl\u0131\u011f\u0131 1,604 AB ( 240,6 milyon km. ) Foto\u011fraf\u0131n \u00e7ekildi\u011fi zamanki parlakl\u0131\u011f\u0131 9.2 kadir, y\u00f6r\u00fcnge h\u0131z\u0131 ise 39,33 km\/saniye.<\/p>\n\n\n\n<p>Foto\u011fraf: U\u011fur \u0130K\u0130ZLER<br>Tarih: 19.12.2025<br>Saat: 19:15 &#8211; 20:03<br>Yer: Mudanya &#8211; Bursa 40.36023 \u00b0 N &#8211; 28.90191 \u00b0 E<\/p>\n\n\n\n<p>Optik : : El yap\u0131m\u0131 Newton teleskop 150 mm f\/4.57<\/p>\n\n\n\n<p>TeleVue Paracorr Coma Corrector<\/p>\n\n\n\n<p>Kundak: El yap\u0131m\u0131 kundak<br>Kamera : Canon EOS 6D Full Spectrum Modified<\/p>\n\n\n\n<p>Otomatik takip: PHD, Bower mirror lens&nbsp; 500 mm f\/6.3- ZWO ASI 120 MC-S<\/p>\n\n\n\n<p>ISO: 3200<\/p>\n\n\n\n<p>Poz: Light&nbsp; 31 x 30 sn. \u2013 Dark 30 \u2013 Flat 20 \u2013 Bias 25<\/p>\n\n\n\n<p>Yaz\u0131l\u0131m: Pix\u0130nsight 1.8, Photoshop CC 2015<\/p>\n","protected":false},"excerpt":{"rendered":"<p>Bug\u00fcnler de Kartal tak\u0131my\u0131ld\u0131z\u0131 i\u00e7inde g\u00f6r\u00fclen kuyrukluy\u0131ld\u0131z &nbsp;2 Aral\u0131k 2025 tarihinde g\u00fcnberiden ( G\u00fcne\u015f\u2019 e en yak\u0131n konum ) ge\u00e7ti. O s\u0131rada G\u00fcne\u015f\u2019 e olan uzakl\u0131\u011f\u0131 1.109 AB ( 166,3 milyon km. ) idi. \u015eu anda D\u00fcnya\u2019 ya olan uzakl\u0131\u011f\u0131 1,604 AB ( 240,6 milyon km. ) Foto\u011fraf\u0131n \u00e7ekildi\u011fi zamanki parlakl\u0131\u011f\u0131 9.2 kadir, y\u00f6r\u00fcnge h\u0131z\u0131&#8230;<\/p>\n","protected":false},"author":1,"featured_media":5287,"comment_status":"open","ping_status":"open","sticky":false,"template":"","format":"standard","meta":{"_jetpack_memberships_contains_paid_content":false,"footnotes":""},"categories":[14],"tags":[],"class_list":["post-5286","post","type-post","status-publish","format-standard","has-post-thumbnail","hentry","category-kuyrukluyildizlar","wpcat-14-id"],"jetpack_featured_media_url":"https:\/\/i0.wp.com\/www.ikizler.org\/wp-content\/uploads\/2025\/12\/2025_T1_Atlas.jpg?fit=1000%2C665","jetpack_sharing_enabled":true,"_links":{"self":[{"href":"http:\/\/www.ikizler.org\/index.php\/wp-json\/wp\/v2\/posts\/5286","targetHints":{"allow":["GET"]}}],"collection":[{"href":"http:\/\/www.ikizler.org\/index.php\/wp-json\/wp\/v2\/posts"}],"about":[{"href":"http:\/\/www.ikizler.org\/index.php\/wp-json\/wp\/v2\/types\/post"}],"author":[{"embeddable":true,"href":"http:\/\/www.ikizler.org\/index.php\/wp-json\/wp\/v2\/users\/1"}],"replies":[{"embeddable":true,"href":"http:\/\/www.ikizler.org\/index.php\/wp-json\/wp\/v2\/comments?post=5286"}],"version-history":[{"count":1,"href":"http:\/\/www.ikizler.org\/index.php\/wp-json\/wp\/v2\/posts\/5286\/revisions"}],"predecessor-version":[{"id":5288,"href":"http:\/\/www.ikizler.org\/index.php\/wp-json\/wp\/v2\/posts\/5286\/revisions\/5288"}],"wp:featuredmedia":[{"embeddable":true,"href":"http:\/\/www.ikizler.org\/index.php\/wp-json\/wp\/v2\/media\/5287"}],"wp:attachment":[{"href":"http:\/\/www.ikizler.org\/index.php\/wp-json\/wp\/v2\/media?parent=5286"}],"wp:term":[{"taxonomy":"category","embeddable":true,"href":"http:\/\/www.ikizler.org\/index.php\/wp-json\/wp\/v2\/categories?post=5286"},{"taxonomy":"post_tag","embeddable":true,"href":"http:\/\/www.ikizler.org\/index.php\/wp-json\/wp\/v2\/tags?post=5286"}],"curies":[{"name":"wp","href":"https:\/\/api.w.org\/{rel}","templated":true}]}}